{"id":1871,"date":"2021-06-21T14:55:46","date_gmt":"2021-06-21T12:55:46","guid":{"rendered":"https:\/\/glycanostics.com\/?p=1871"},"modified":"2022-06-20T10:34:47","modified_gmt":"2022-06-20T08:34:47","slug":"zastupcovia-spolocnosti-glycanostics-na-stretnuti-s-predsednickou-europskej-komisie-ursulou-von-der-leyenovou","status":"publish","type":"post","link":"https:\/\/glycanostics.com\/sk\/zastupcovia-spolocnosti-glycanostics-na-stretnuti-s-predsednickou-europskej-komisie-ursulou-von-der-leyenovou\/","title":{"rendered":"Z\u00e1stupcovia spolo\u010dnosti Glycanostics na stretnut\u00ed s predsedn\u00ed\u010dkou Eur\u00f3pskej komisie, Ursulou von der Leyenovou"},"content":{"rendered":"<p><span style=\"font-weight: 400;\">V pondelok 21. j\u00fana mala na\u0161a CEO Eva Kov\u00e1\u010dov\u00e1 (na obr\u00e1zku vpravo) a\u00a0n\u00e1\u0161 CSO J\u00e1n Tk\u00e1\u010d (v\u013eavo) ve\u013ek\u00fa \u010des\u0165 predstavi\u0165 spolo\u010dnos\u0165 <strong>Glycanostics<\/strong> za pr\u00edtomnosti predsedn\u00ed\u010dky Eur\u00f3pskej komisie <strong>Ursuly von der Leyenovej<\/strong>, premi\u00e9ra Eduarda Hegera a\u00a0podpredsedu Eur\u00f3pskej komisie <strong>Maro\u0161a \u0160ef\u010dovi\u010da<\/strong>. Ako jedna zo siedmich inovat\u00edvnych spolo\u010dnost\u00ed sme prezentovali na\u0161e mimoriadne presn\u00e9, neinvaz\u00edvne diagnostick\u00e9 testy na rakovinu v\u00a0ran\u00fdch \u0161t\u00e1di\u00e1ch ochorenia, ktor\u00e9 m\u00f4\u017eu zachr\u00e1ni\u0165 \u017eivoty mili\u00f3nov \u013eud\u00ed na svete.<\/span><\/p>\n","protected":false},"excerpt":{"rendered":"<p>V pondelok 21. j\u00fana mala na\u0161a CEO Eva Kov\u00e1\u010dov\u00e1 (na obr\u00e1zku vpravo) a\u00a0n\u00e1\u0161 CSO J\u00e1n Tk\u00e1\u010d (v\u013eavo) ve\u013ek\u00fa \u010des\u0165 predstavi\u0165 spolo\u010dnos\u0165 Glycanostics za pr\u00edtomnosti predsedn\u00ed\u010dky Eur\u00f3pskej komisie Ursuly von der Leyenovej, premi\u00e9ra Eduarda Hegera a\u00a0podpredsedu Eur\u00f3pskej komisie Maro\u0161a \u0160ef\u010dovi\u010da. Ako jedna zo siedmich inovat\u00edvnych spolo\u010dnost\u00ed sme prezentovali na\u0161e mimoriadne presn\u00e9, neinvaz\u00edvne diagnostick\u00e9 testy na rakovinu [&hellip;]<\/p>\n","protected":false},"author":4,"featured_media":1718,"comment_status":"closed","ping_status":"open","sticky":false,"template":"","format":"standard","meta":{"inline_featured_image":false,"_mi_skip_tracking":false,"_monsterinsights_sitenote_active":false,"_monsterinsights_sitenote_note":"","_monsterinsights_sitenote_category":0,"footnotes":""},"categories":[23],"tags":[],"yoast_head":"<!-- This site is optimized with the Yoast SEO plugin v21.5 - https:\/\/yoast.com\/wordpress\/plugins\/seo\/ -->\n<title>Z\u00e1stupcovia spolo\u010dnosti Glycanostics na stretnut\u00ed s predsedn\u00ed\u010dkou Eur\u00f3pskej komisie, Ursulou von der Leyenovou - Glycanostics<\/title>\n<meta name=\"robots\" content=\"index, follow, max-snippet:-1, max-image-preview:large, max-video-preview:-1\" \/>\n<link rel=\"canonical\" href=\"https:\/\/glycanostics.com\/sk\/zastupcovia-spolocnosti-glycanostics-na-stretnuti-s-predsednickou-europskej-komisie-ursulou-von-der-leyenovou\/\" \/>\n<meta property=\"og:locale\" content=\"sk_SK\" \/>\n<meta property=\"og:type\" content=\"article\" \/>\n<meta property=\"og:title\" content=\"Z\u00e1stupcovia spolo\u010dnosti Glycanostics na stretnut\u00ed s predsedn\u00ed\u010dkou Eur\u00f3pskej komisie, Ursulou von der Leyenovou - Glycanostics\" \/>\n<meta property=\"og:description\" content=\"V pondelok 21. j\u00fana mala na\u0161a CEO Eva Kov\u00e1\u010dov\u00e1 (na obr\u00e1zku vpravo) a\u00a0n\u00e1\u0161 CSO J\u00e1n Tk\u00e1\u010d (v\u013eavo) ve\u013ek\u00fa \u010des\u0165 predstavi\u0165 spolo\u010dnos\u0165 Glycanostics za pr\u00edtomnosti predsedn\u00ed\u010dky Eur\u00f3pskej komisie Ursuly von der Leyenovej, premi\u00e9ra Eduarda Hegera a\u00a0podpredsedu Eur\u00f3pskej komisie Maro\u0161a \u0160ef\u010dovi\u010da. Ako jedna zo siedmich inovat\u00edvnych spolo\u010dnost\u00ed sme prezentovali na\u0161e mimoriadne presn\u00e9, neinvaz\u00edvne diagnostick\u00e9 testy na rakovinu [&hellip;]\" \/>\n<meta property=\"og:url\" content=\"https:\/\/glycanostics.com\/sk\/zastupcovia-spolocnosti-glycanostics-na-stretnuti-s-predsednickou-europskej-komisie-ursulou-von-der-leyenovou\/\" \/>\n<meta property=\"og:site_name\" content=\"Glycanostics\" \/>\n<meta property=\"article:published_time\" content=\"2021-06-21T12:55:46+00:00\" \/>\n<meta property=\"article:modified_time\" content=\"2022-06-20T08:34:47+00:00\" \/>\n<meta property=\"og:image\" content=\"https:\/\/glycanostics.com\/wp-content\/uploads\/2022\/02\/246A0825.jpg\" \/>\n\t<meta property=\"og:image:width\" content=\"1200\" \/>\n\t<meta property=\"og:image:height\" content=\"800\" \/>\n\t<meta property=\"og:image:type\" content=\"image\/jpeg\" \/>\n<meta name=\"author\" content=\"cagan@seesame.com\" \/>\n<meta name=\"twitter:card\" content=\"summary_large_image\" \/>\n<meta name=\"twitter:label1\" content=\"Autor\" \/>\n\t<meta name=\"twitter:data1\" content=\"cagan@seesame.com\" \/>\n\t<meta name=\"twitter:label2\" content=\"Predpokladan\u00fd \u010das \u010d\u00edtania\" \/>\n\t<meta name=\"twitter:data2\" content=\"1 min\u00fata\" \/>\n<script type=\"application\/ld+json\" class=\"yoast-schema-graph\">{\"@context\":\"https:\/\/schema.org\",\"@graph\":[{\"@type\":\"WebPage\",\"@id\":\"https:\/\/glycanostics.com\/sk\/zastupcovia-spolocnosti-glycanostics-na-stretnuti-s-predsednickou-europskej-komisie-ursulou-von-der-leyenovou\/\",\"url\":\"https:\/\/glycanostics.com\/sk\/zastupcovia-spolocnosti-glycanostics-na-stretnuti-s-predsednickou-europskej-komisie-ursulou-von-der-leyenovou\/\",\"name\":\"Z\u00e1stupcovia spolo\u010dnosti Glycanostics na stretnut\u00ed s predsedn\u00ed\u010dkou Eur\u00f3pskej komisie, Ursulou von der Leyenovou - Glycanostics\",\"isPartOf\":{\"@id\":\"https:\/\/glycanostics.com\/#website\"},\"datePublished\":\"2021-06-21T12:55:46+00:00\",\"dateModified\":\"2022-06-20T08:34:47+00:00\",\"author\":{\"@id\":\"https:\/\/glycanostics.com\/#\/schema\/person\/badee4cbfc54e0bf99314635b428c54d\"},\"breadcrumb\":{\"@id\":\"https:\/\/glycanostics.com\/sk\/zastupcovia-spolocnosti-glycanostics-na-stretnuti-s-predsednickou-europskej-komisie-ursulou-von-der-leyenovou\/#breadcrumb\"},\"inLanguage\":\"sk-SK\",\"potentialAction\":[{\"@type\":\"ReadAction\",\"target\":[\"https:\/\/glycanostics.com\/sk\/zastupcovia-spolocnosti-glycanostics-na-stretnuti-s-predsednickou-europskej-komisie-ursulou-von-der-leyenovou\/\"]}]},{\"@type\":\"BreadcrumbList\",\"@id\":\"https:\/\/glycanostics.com\/sk\/zastupcovia-spolocnosti-glycanostics-na-stretnuti-s-predsednickou-europskej-komisie-ursulou-von-der-leyenovou\/#breadcrumb\",\"itemListElement\":[{\"@type\":\"ListItem\",\"position\":1,\"name\":\"Home\",\"item\":\"https:\/\/glycanostics.com\/\"},{\"@type\":\"ListItem\",\"position\":2,\"name\":\"Z\u00e1stupcovia spolo\u010dnosti Glycanostics na stretnut\u00ed s predsedn\u00ed\u010dkou Eur\u00f3pskej komisie, Ursulou von der Leyenovou\"}]},{\"@type\":\"WebSite\",\"@id\":\"https:\/\/glycanostics.com\/#website\",\"url\":\"https:\/\/glycanostics.com\/\",\"name\":\"Glycanostics\",\"description\":\"\",\"potentialAction\":[{\"@type\":\"SearchAction\",\"target\":{\"@type\":\"EntryPoint\",\"urlTemplate\":\"https:\/\/glycanostics.com\/?s={search_term_string}\"},\"query-input\":\"required name=search_term_string\"}],\"inLanguage\":\"sk-SK\"},{\"@type\":\"Person\",\"@id\":\"https:\/\/glycanostics.com\/#\/schema\/person\/badee4cbfc54e0bf99314635b428c54d\",\"name\":\"cagan@seesame.com\",\"image\":{\"@type\":\"ImageObject\",\"inLanguage\":\"sk-SK\",\"@id\":\"https:\/\/glycanostics.com\/#\/schema\/person\/image\/\",\"url\":\"https:\/\/secure.gravatar.com\/avatar\/7849fc5f0186381f2497fdb687e3b6dd?s=96&d=mm&r=g\",\"contentUrl\":\"https:\/\/secure.gravatar.com\/avatar\/7849fc5f0186381f2497fdb687e3b6dd?s=96&d=mm&r=g\",\"caption\":\"cagan@seesame.com\"},\"url\":\"https:\/\/glycanostics.com\/sk\/author\/caganseesame-com\/\"}]}<\/script>\n<!-- \/ Yoast SEO plugin. -->","yoast_head_json":{"title":"Z\u00e1stupcovia spolo\u010dnosti Glycanostics na stretnut\u00ed s predsedn\u00ed\u010dkou Eur\u00f3pskej komisie, Ursulou von der Leyenovou - Glycanostics","robots":{"index":"index","follow":"follow","max-snippet":"max-snippet:-1","max-image-preview":"max-image-preview:large","max-video-preview":"max-video-preview:-1"},"canonical":"https:\/\/glycanostics.com\/sk\/zastupcovia-spolocnosti-glycanostics-na-stretnuti-s-predsednickou-europskej-komisie-ursulou-von-der-leyenovou\/","og_locale":"sk_SK","og_type":"article","og_title":"Z\u00e1stupcovia spolo\u010dnosti Glycanostics na stretnut\u00ed s predsedn\u00ed\u010dkou Eur\u00f3pskej komisie, Ursulou von der Leyenovou - Glycanostics","og_description":"V pondelok 21. j\u00fana mala na\u0161a CEO Eva Kov\u00e1\u010dov\u00e1 (na obr\u00e1zku vpravo) a\u00a0n\u00e1\u0161 CSO J\u00e1n Tk\u00e1\u010d (v\u013eavo) ve\u013ek\u00fa \u010des\u0165 predstavi\u0165 spolo\u010dnos\u0165 Glycanostics za pr\u00edtomnosti predsedn\u00ed\u010dky Eur\u00f3pskej komisie Ursuly von der Leyenovej, premi\u00e9ra Eduarda Hegera a\u00a0podpredsedu Eur\u00f3pskej komisie Maro\u0161a \u0160ef\u010dovi\u010da. Ako jedna zo siedmich inovat\u00edvnych spolo\u010dnost\u00ed sme prezentovali na\u0161e mimoriadne presn\u00e9, neinvaz\u00edvne diagnostick\u00e9 testy na rakovinu [&hellip;]","og_url":"https:\/\/glycanostics.com\/sk\/zastupcovia-spolocnosti-glycanostics-na-stretnuti-s-predsednickou-europskej-komisie-ursulou-von-der-leyenovou\/","og_site_name":"Glycanostics","article_published_time":"2021-06-21T12:55:46+00:00","article_modified_time":"2022-06-20T08:34:47+00:00","og_image":[{"width":1200,"height":800,"url":"https:\/\/glycanostics.com\/wp-content\/uploads\/2022\/02\/246A0825.jpg","type":"image\/jpeg"}],"author":"cagan@seesame.com","twitter_card":"summary_large_image","twitter_misc":{"Autor":"cagan@seesame.com","Predpokladan\u00fd \u010das \u010d\u00edtania":"1 min\u00fata"},"schema":{"@context":"https:\/\/schema.org","@graph":[{"@type":"WebPage","@id":"https:\/\/glycanostics.com\/sk\/zastupcovia-spolocnosti-glycanostics-na-stretnuti-s-predsednickou-europskej-komisie-ursulou-von-der-leyenovou\/","url":"https:\/\/glycanostics.com\/sk\/zastupcovia-spolocnosti-glycanostics-na-stretnuti-s-predsednickou-europskej-komisie-ursulou-von-der-leyenovou\/","name":"Z\u00e1stupcovia spolo\u010dnosti Glycanostics na stretnut\u00ed s predsedn\u00ed\u010dkou Eur\u00f3pskej komisie, Ursulou von der Leyenovou - Glycanostics","isPartOf":{"@id":"https:\/\/glycanostics.com\/#website"},"datePublished":"2021-06-21T12:55:46+00:00","dateModified":"2022-06-20T08:34:47+00:00","author":{"@id":"https:\/\/glycanostics.com\/#\/schema\/person\/badee4cbfc54e0bf99314635b428c54d"},"breadcrumb":{"@id":"https:\/\/glycanostics.com\/sk\/zastupcovia-spolocnosti-glycanostics-na-stretnuti-s-predsednickou-europskej-komisie-ursulou-von-der-leyenovou\/#breadcrumb"},"inLanguage":"sk-SK","potentialAction":[{"@type":"ReadAction","target":["https:\/\/glycanostics.com\/sk\/zastupcovia-spolocnosti-glycanostics-na-stretnuti-s-predsednickou-europskej-komisie-ursulou-von-der-leyenovou\/"]}]},{"@type":"BreadcrumbList","@id":"https:\/\/glycanostics.com\/sk\/zastupcovia-spolocnosti-glycanostics-na-stretnuti-s-predsednickou-europskej-komisie-ursulou-von-der-leyenovou\/#breadcrumb","itemListElement":[{"@type":"ListItem","position":1,"name":"Home","item":"https:\/\/glycanostics.com\/"},{"@type":"ListItem","position":2,"name":"Z\u00e1stupcovia spolo\u010dnosti Glycanostics na stretnut\u00ed s predsedn\u00ed\u010dkou Eur\u00f3pskej komisie, Ursulou von der Leyenovou"}]},{"@type":"WebSite","@id":"https:\/\/glycanostics.com\/#website","url":"https:\/\/glycanostics.com\/","name":"Glycanostics","description":"","potentialAction":[{"@type":"SearchAction","target":{"@type":"EntryPoint","urlTemplate":"https:\/\/glycanostics.com\/?s={search_term_string}"},"query-input":"required name=search_term_string"}],"inLanguage":"sk-SK"},{"@type":"Person","@id":"https:\/\/glycanostics.com\/#\/schema\/person\/badee4cbfc54e0bf99314635b428c54d","name":"cagan@seesame.com","image":{"@type":"ImageObject","inLanguage":"sk-SK","@id":"https:\/\/glycanostics.com\/#\/schema\/person\/image\/","url":"https:\/\/secure.gravatar.com\/avatar\/7849fc5f0186381f2497fdb687e3b6dd?s=96&d=mm&r=g","contentUrl":"https:\/\/secure.gravatar.com\/avatar\/7849fc5f0186381f2497fdb687e3b6dd?s=96&d=mm&r=g","caption":"cagan@seesame.com"},"url":"https:\/\/glycanostics.com\/sk\/author\/caganseesame-com\/"}]}},"_links":{"self":[{"href":"https:\/\/glycanostics.com\/sk\/wp-json\/wp\/v2\/posts\/1871"}],"collection":[{"href":"https:\/\/glycanostics.com\/sk\/wp-json\/wp\/v2\/posts"}],"about":[{"href":"https:\/\/glycanostics.com\/sk\/wp-json\/wp\/v2\/types\/post"}],"author":[{"embeddable":true,"href":"https:\/\/glycanostics.com\/sk\/wp-json\/wp\/v2\/users\/4"}],"replies":[{"embeddable":true,"href":"https:\/\/glycanostics.com\/sk\/wp-json\/wp\/v2\/comments?post=1871"}],"version-history":[{"count":1,"href":"https:\/\/glycanostics.com\/sk\/wp-json\/wp\/v2\/posts\/1871\/revisions"}],"predecessor-version":[{"id":1872,"href":"https:\/\/glycanostics.com\/sk\/wp-json\/wp\/v2\/posts\/1871\/revisions\/1872"}],"wp:featuredmedia":[{"embeddable":true,"href":"https:\/\/glycanostics.com\/sk\/wp-json\/wp\/v2\/media\/1718"}],"wp:attachment":[{"href":"https:\/\/glycanostics.com\/sk\/wp-json\/wp\/v2\/media?parent=1871"}],"wp:term":[{"taxonomy":"category","embeddable":true,"href":"https:\/\/glycanostics.com\/sk\/wp-json\/wp\/v2\/categories?post=1871"},{"taxonomy":"post_tag","embeddable":true,"href":"https:\/\/glycanostics.com\/sk\/wp-json\/wp\/v2\/tags?post=1871"}],"curies":[{"name":"wp","href":"https:\/\/api.w.org\/{rel}","templated":true}]}}