{"id":2165,"date":"2022-05-13T15:42:52","date_gmt":"2022-05-13T13:42:52","guid":{"rendered":"https:\/\/glycanostics.com\/?p=2165"},"modified":"2023-03-27T19:33:17","modified_gmt":"2023-03-27T17:33:17","slug":"european-women-founders-group","status":"publish","type":"post","link":"https:\/\/glycanostics.com\/sk\/european-women-founders-group\/","title":{"rendered":"European Women founders group"},"content":{"rendered":"<p><span data-contrast=\"auto\">Na\u0161a CEO Eva Kov\u00e1\u010dov\u00e1 bola pozvan\u00e1 eurokomis\u00e1rkou Mariyou Gabriel na stretnutie do Sofie, aby zalo\u017eili prv\u00fa skupinu \u201cEuropean Women founders Group\u201d, zlo\u017een\u00fa zo zakladateliek inovat\u00edvnych spolo\u010dnost\u00ed z ka\u017ed\u00e9ho \u010dlensk\u00e9ho \u0161t\u00e1tu E\u00da. T\u00e1to nov\u00e1 eur\u00f3pska platforma bude sl\u00fa\u017ei\u0165 na v\u00fdmenu sk\u00fasenost\u00ed, spojenie s in\u00fdmi \u017eenami-inov\u00e1torkami a rozvoj n\u00e1padov na \u010fal\u0161ie mo\u017enosti financovania za\u010d\u00ednaj\u00facich podnikov v E\u00da. Pom\u00f4\u017ee tie\u017e presadzova\u0165 inova\u010dn\u00fa agendu rodovej rovnosti a konkr\u00e9tne odpor\u00fa\u010dania relevantnn\u00fdm stakeholderom.<\/span><span data-ccp-props=\"{&quot;201341983&quot;:0,&quot;335551550&quot;:6,&quot;335551620&quot;:6,&quot;335559739&quot;:160,&quot;335559740&quot;:259}\">\u00a0<\/span><\/p>\n<p><span data-contrast=\"auto\">Pevne ver\u00edme, \u017ee v\u010faka n\u00e1\u0161mu spolo\u010dn\u00e9mu \u00fasiliu m\u00f4\u017eeme urobi\u0165 Eur\u00f3pu lep\u0161\u00edm miestom pre spolo\u010dnosti veden\u00e9 \u017eenami!\u00a0<\/span><span data-ccp-props=\"{&quot;201341983&quot;:0,&quot;335551550&quot;:6,&quot;335551620&quot;:6,&quot;335559739&quot;:160,&quot;335559740&quot;:259}\">\u00a0<\/span><\/p>\n","protected":false},"excerpt":{"rendered":"<p>Na\u0161a CEO Eva Kov\u00e1\u010dov\u00e1 bola pozvan\u00e1 eurokomis\u00e1rkou Mariyou Gabriel na stretnutie do Sofie, aby zalo\u017eili prv\u00fa skupinu \u201cEuropean Women founders Group\u201d, zlo\u017een\u00fa zo zakladateliek inovat\u00edvnych spolo\u010dnost\u00ed z ka\u017ed\u00e9ho \u010dlensk\u00e9ho \u0161t\u00e1tu E\u00da. T\u00e1to nov\u00e1 eur\u00f3pska platforma bude sl\u00fa\u017ei\u0165 na v\u00fdmenu sk\u00fasenost\u00ed, spojenie s in\u00fdmi \u017eenami-inov\u00e1torkami a rozvoj n\u00e1padov na \u010fal\u0161ie mo\u017enosti financovania za\u010d\u00ednaj\u00facich podnikov v E\u00da. [&hellip;]<\/p>\n","protected":false},"author":4,"featured_media":2072,"comment_status":"closed","ping_status":"closed","sticky":false,"template":"","format":"standard","meta":{"inline_featured_image":false,"_mi_skip_tracking":false,"_monsterinsights_sitenote_active":false,"_monsterinsights_sitenote_note":"","_monsterinsights_sitenote_category":0,"footnotes":""},"categories":[23],"tags":[],"yoast_head":"<!-- This site is optimized with the Yoast SEO plugin v21.5 - https:\/\/yoast.com\/wordpress\/plugins\/seo\/ -->\n<title>European Women founders group - Glycanostics<\/title>\n<meta name=\"robots\" content=\"index, follow, max-snippet:-1, max-image-preview:large, max-video-preview:-1\" \/>\n<link rel=\"canonical\" href=\"https:\/\/glycanostics.com\/sk\/european-women-founders-group\/\" \/>\n<meta property=\"og:locale\" content=\"sk_SK\" \/>\n<meta property=\"og:type\" content=\"article\" \/>\n<meta property=\"og:title\" content=\"European Women founders group - Glycanostics\" \/>\n<meta property=\"og:description\" content=\"Na\u0161a CEO Eva Kov\u00e1\u010dov\u00e1 bola pozvan\u00e1 eurokomis\u00e1rkou Mariyou Gabriel na stretnutie do Sofie, aby zalo\u017eili prv\u00fa skupinu \u201cEuropean Women founders Group\u201d, zlo\u017een\u00fa zo zakladateliek inovat\u00edvnych spolo\u010dnost\u00ed z ka\u017ed\u00e9ho \u010dlensk\u00e9ho \u0161t\u00e1tu E\u00da. T\u00e1to nov\u00e1 eur\u00f3pska platforma bude sl\u00fa\u017ei\u0165 na v\u00fdmenu sk\u00fasenost\u00ed, spojenie s in\u00fdmi \u017eenami-inov\u00e1torkami a rozvoj n\u00e1padov na \u010fal\u0161ie mo\u017enosti financovania za\u010d\u00ednaj\u00facich podnikov v E\u00da. [&hellip;]\" \/>\n<meta property=\"og:url\" content=\"https:\/\/glycanostics.com\/sk\/european-women-founders-group\/\" \/>\n<meta property=\"og:site_name\" content=\"Glycanostics\" \/>\n<meta property=\"article:published_time\" content=\"2022-05-13T13:42:52+00:00\" \/>\n<meta property=\"article:modified_time\" content=\"2023-03-27T17:33:17+00:00\" \/>\n<meta property=\"og:image\" content=\"https:\/\/glycanostics.com\/wp-content\/uploads\/2022\/05\/foto-Mariya-Gabriel.jpg\" \/>\n\t<meta property=\"og:image:width\" content=\"755\" \/>\n\t<meta property=\"og:image:height\" content=\"567\" \/>\n\t<meta property=\"og:image:type\" content=\"image\/jpeg\" \/>\n<meta name=\"author\" content=\"cagan@seesame.com\" \/>\n<meta name=\"twitter:card\" content=\"summary_large_image\" \/>\n<meta name=\"twitter:label1\" content=\"Autor\" \/>\n\t<meta name=\"twitter:data1\" content=\"cagan@seesame.com\" \/>\n\t<meta name=\"twitter:label2\" content=\"Predpokladan\u00fd \u010das \u010d\u00edtania\" \/>\n\t<meta name=\"twitter:data2\" content=\"1 min\u00fata\" \/>\n<script type=\"application\/ld+json\" class=\"yoast-schema-graph\">{\"@context\":\"https:\/\/schema.org\",\"@graph\":[{\"@type\":\"WebPage\",\"@id\":\"https:\/\/glycanostics.com\/sk\/european-women-founders-group\/\",\"url\":\"https:\/\/glycanostics.com\/sk\/european-women-founders-group\/\",\"name\":\"European Women founders group - Glycanostics\",\"isPartOf\":{\"@id\":\"https:\/\/glycanostics.com\/#website\"},\"datePublished\":\"2022-05-13T13:42:52+00:00\",\"dateModified\":\"2023-03-27T17:33:17+00:00\",\"author\":{\"@id\":\"https:\/\/glycanostics.com\/#\/schema\/person\/badee4cbfc54e0bf99314635b428c54d\"},\"breadcrumb\":{\"@id\":\"https:\/\/glycanostics.com\/sk\/european-women-founders-group\/#breadcrumb\"},\"inLanguage\":\"sk-SK\",\"potentialAction\":[{\"@type\":\"ReadAction\",\"target\":[\"https:\/\/glycanostics.com\/sk\/european-women-founders-group\/\"]}]},{\"@type\":\"BreadcrumbList\",\"@id\":\"https:\/\/glycanostics.com\/sk\/european-women-founders-group\/#breadcrumb\",\"itemListElement\":[{\"@type\":\"ListItem\",\"position\":1,\"name\":\"Home\",\"item\":\"https:\/\/glycanostics.com\/\"},{\"@type\":\"ListItem\",\"position\":2,\"name\":\"European Women founders group\"}]},{\"@type\":\"WebSite\",\"@id\":\"https:\/\/glycanostics.com\/#website\",\"url\":\"https:\/\/glycanostics.com\/\",\"name\":\"Glycanostics\",\"description\":\"\",\"potentialAction\":[{\"@type\":\"SearchAction\",\"target\":{\"@type\":\"EntryPoint\",\"urlTemplate\":\"https:\/\/glycanostics.com\/?s={search_term_string}\"},\"query-input\":\"required name=search_term_string\"}],\"inLanguage\":\"sk-SK\"},{\"@type\":\"Person\",\"@id\":\"https:\/\/glycanostics.com\/#\/schema\/person\/badee4cbfc54e0bf99314635b428c54d\",\"name\":\"cagan@seesame.com\",\"image\":{\"@type\":\"ImageObject\",\"inLanguage\":\"sk-SK\",\"@id\":\"https:\/\/glycanostics.com\/#\/schema\/person\/image\/\",\"url\":\"https:\/\/secure.gravatar.com\/avatar\/7849fc5f0186381f2497fdb687e3b6dd?s=96&d=mm&r=g\",\"contentUrl\":\"https:\/\/secure.gravatar.com\/avatar\/7849fc5f0186381f2497fdb687e3b6dd?s=96&d=mm&r=g\",\"caption\":\"cagan@seesame.com\"},\"url\":\"https:\/\/glycanostics.com\/sk\/author\/caganseesame-com\/\"}]}<\/script>\n<!-- \/ Yoast SEO plugin. -->","yoast_head_json":{"title":"European Women founders group - Glycanostics","robots":{"index":"index","follow":"follow","max-snippet":"max-snippet:-1","max-image-preview":"max-image-preview:large","max-video-preview":"max-video-preview:-1"},"canonical":"https:\/\/glycanostics.com\/sk\/european-women-founders-group\/","og_locale":"sk_SK","og_type":"article","og_title":"European Women founders group - Glycanostics","og_description":"Na\u0161a CEO Eva Kov\u00e1\u010dov\u00e1 bola pozvan\u00e1 eurokomis\u00e1rkou Mariyou Gabriel na stretnutie do Sofie, aby zalo\u017eili prv\u00fa skupinu \u201cEuropean Women founders Group\u201d, zlo\u017een\u00fa zo zakladateliek inovat\u00edvnych spolo\u010dnost\u00ed z ka\u017ed\u00e9ho \u010dlensk\u00e9ho \u0161t\u00e1tu E\u00da. T\u00e1to nov\u00e1 eur\u00f3pska platforma bude sl\u00fa\u017ei\u0165 na v\u00fdmenu sk\u00fasenost\u00ed, spojenie s in\u00fdmi \u017eenami-inov\u00e1torkami a rozvoj n\u00e1padov na \u010fal\u0161ie mo\u017enosti financovania za\u010d\u00ednaj\u00facich podnikov v E\u00da. [&hellip;]","og_url":"https:\/\/glycanostics.com\/sk\/european-women-founders-group\/","og_site_name":"Glycanostics","article_published_time":"2022-05-13T13:42:52+00:00","article_modified_time":"2023-03-27T17:33:17+00:00","og_image":[{"width":755,"height":567,"url":"https:\/\/glycanostics.com\/wp-content\/uploads\/2022\/05\/foto-Mariya-Gabriel.jpg","type":"image\/jpeg"}],"author":"cagan@seesame.com","twitter_card":"summary_large_image","twitter_misc":{"Autor":"cagan@seesame.com","Predpokladan\u00fd \u010das \u010d\u00edtania":"1 min\u00fata"},"schema":{"@context":"https:\/\/schema.org","@graph":[{"@type":"WebPage","@id":"https:\/\/glycanostics.com\/sk\/european-women-founders-group\/","url":"https:\/\/glycanostics.com\/sk\/european-women-founders-group\/","name":"European Women founders group - Glycanostics","isPartOf":{"@id":"https:\/\/glycanostics.com\/#website"},"datePublished":"2022-05-13T13:42:52+00:00","dateModified":"2023-03-27T17:33:17+00:00","author":{"@id":"https:\/\/glycanostics.com\/#\/schema\/person\/badee4cbfc54e0bf99314635b428c54d"},"breadcrumb":{"@id":"https:\/\/glycanostics.com\/sk\/european-women-founders-group\/#breadcrumb"},"inLanguage":"sk-SK","potentialAction":[{"@type":"ReadAction","target":["https:\/\/glycanostics.com\/sk\/european-women-founders-group\/"]}]},{"@type":"BreadcrumbList","@id":"https:\/\/glycanostics.com\/sk\/european-women-founders-group\/#breadcrumb","itemListElement":[{"@type":"ListItem","position":1,"name":"Home","item":"https:\/\/glycanostics.com\/"},{"@type":"ListItem","position":2,"name":"European Women founders group"}]},{"@type":"WebSite","@id":"https:\/\/glycanostics.com\/#website","url":"https:\/\/glycanostics.com\/","name":"Glycanostics","description":"","potentialAction":[{"@type":"SearchAction","target":{"@type":"EntryPoint","urlTemplate":"https:\/\/glycanostics.com\/?s={search_term_string}"},"query-input":"required name=search_term_string"}],"inLanguage":"sk-SK"},{"@type":"Person","@id":"https:\/\/glycanostics.com\/#\/schema\/person\/badee4cbfc54e0bf99314635b428c54d","name":"cagan@seesame.com","image":{"@type":"ImageObject","inLanguage":"sk-SK","@id":"https:\/\/glycanostics.com\/#\/schema\/person\/image\/","url":"https:\/\/secure.gravatar.com\/avatar\/7849fc5f0186381f2497fdb687e3b6dd?s=96&d=mm&r=g","contentUrl":"https:\/\/secure.gravatar.com\/avatar\/7849fc5f0186381f2497fdb687e3b6dd?s=96&d=mm&r=g","caption":"cagan@seesame.com"},"url":"https:\/\/glycanostics.com\/sk\/author\/caganseesame-com\/"}]}},"_links":{"self":[{"href":"https:\/\/glycanostics.com\/sk\/wp-json\/wp\/v2\/posts\/2165"}],"collection":[{"href":"https:\/\/glycanostics.com\/sk\/wp-json\/wp\/v2\/posts"}],"about":[{"href":"https:\/\/glycanostics.com\/sk\/wp-json\/wp\/v2\/types\/post"}],"author":[{"embeddable":true,"href":"https:\/\/glycanostics.com\/sk\/wp-json\/wp\/v2\/users\/4"}],"replies":[{"embeddable":true,"href":"https:\/\/glycanostics.com\/sk\/wp-json\/wp\/v2\/comments?post=2165"}],"version-history":[{"count":2,"href":"https:\/\/glycanostics.com\/sk\/wp-json\/wp\/v2\/posts\/2165\/revisions"}],"predecessor-version":[{"id":2167,"href":"https:\/\/glycanostics.com\/sk\/wp-json\/wp\/v2\/posts\/2165\/revisions\/2167"}],"wp:featuredmedia":[{"embeddable":true,"href":"https:\/\/glycanostics.com\/sk\/wp-json\/wp\/v2\/media\/2072"}],"wp:attachment":[{"href":"https:\/\/glycanostics.com\/sk\/wp-json\/wp\/v2\/media?parent=2165"}],"wp:term":[{"taxonomy":"category","embeddable":true,"href":"https:\/\/glycanostics.com\/sk\/wp-json\/wp\/v2\/categories?post=2165"},{"taxonomy":"post_tag","embeddable":true,"href":"https:\/\/glycanostics.com\/sk\/wp-json\/wp\/v2\/tags?post=2165"}],"curies":[{"name":"wp","href":"https:\/\/api.w.org\/{rel}","templated":true}]}}